{"id":613,"date":"2024-04-24T18:47:00","date_gmt":"2024-04-24T16:47:00","guid":{"rendered":"http:\/\/odyssart.org\/?p=613"},"modified":"2025-09-08T18:48:11","modified_gmt":"2025-09-08T16:48:11","slug":"les-laureats-odyssart-reunis-a-paris-pour-une-rencontre-inedite","status":"publish","type":"post","link":"https:\/\/odyssart.org\/en\/les-laureats-odyssart-reunis-a-paris-pour-une-rencontre-inedite\/","title":{"rendered":"Les laur\u00e9ats Odyssart r\u00e9unis \u00e0 Paris pour une rencontre in\u00e9dite"},"content":{"rendered":"<p><strong>Mercredi 24 avril 2024 se tenait une rencontre entre les laur\u00e9ats de l\u2019appel \u00e0 projets Odyssart 2023 et 2024 au Bar \u00e0 Bulles \u00e0 Paris. Huit porteurs de projets laur\u00e9ats (trois de 2023 et cinq de 2024) \u00e9taient pr\u00e9sents pour \u00e9changer sur leurs mobilit\u00e9s pass\u00e9es et \u00e0 venir. Des partenaires du milieu culturel et des anciens participants de l\u2019OFQJ \u00e9taient \u00e9galement pr\u00e9sents pour un cocktail de pr\u00e9sentation de leurs projets.<\/strong><\/p>\n\n\n\n<h2 class=\"wp-block-heading\">La rencontre des laur\u00e9ats Odyssart<\/h2>\n\n\n\n<p>Parmi les laur\u00e9ats 2024, on retrouve l\u2019artiste num\u00e9rique, Paul Vivien, la dessinatrice Marianne Tricot, la chor\u00e9graphe Khoudia Tour\u00e9, les journalistes de Radio Campus Orl\u00e9ans et la Cie La ru\u00e9e outre-mer. Du c\u00f4t\u00e9 des laur\u00e9ats 2023 venus t\u00e9moigner de leur exp\u00e9rience pass\u00e9e : l\u2019artiste Cyrious, la circassienne des Quat\u2019s Fer en l\u2019air, Garance Hubert-Samson, les membres de la Compagnie Sospeso, Jos\u00e9phine hurtut et Simon Lazarus, membres de la compagnie Banana Trag\u00e9die.<\/p>\n\n\n\n<p>Une activit\u00e9 de rencontre, un quiz et un atelier de partage d\u2019exp\u00e9rience ont permis de mettre en lien les porteurs de projets. Des sujets comme l\u2019interculturalit\u00e9, les difficult\u00e9s logistiques ou administratives ont \u00e9t\u00e9 abord\u00e9s.<\/p>\n\n\n\n<h2 class=\"wp-block-heading\">Le cocktail des laur\u00e9ats<\/h2>\n\n\n\n<p>Cette rencontre a \u00e9t\u00e9 suivie d\u2019un cocktail en pr\u00e9sence d\u2019une soixantaine de personnes du milieu culturel ou franco-qu\u00e9b\u00e9cois, venus d\u00e9couvrir les projets et \u00e9changer avec leurs cr\u00e9ateurs. La Brigade de Protection Sylvestre de La ru\u00e9e outre-mer a anim\u00e9 une s\u00e9quence de plantation d\u2019arbres, extraite de son spectacle sur la pr\u00e9servation de l\u2019environnement, dont une version canadienne sera d\u00e9ploy\u00e9e prochainement.<\/p>\n\n\n\n<figure class=\"wp-block-image size-large\"><img loading=\"lazy\" decoding=\"async\" width=\"1024\" height=\"682\" src=\"http:\/\/odyssart.org\/wp-content\/uploads\/2025\/09\/2024-04-24-OFQJ-Odyssart-085-1024x682.jpg\" alt=\"Rencontre Odyssart 2024\" class=\"wp-image-619\" srcset=\"https:\/\/odyssart.org\/wp-content\/uploads\/2025\/09\/2024-04-24-OFQJ-Odyssart-085-1024x682.jpg 1024w, https:\/\/odyssart.org\/wp-content\/uploads\/2025\/09\/2024-04-24-OFQJ-Odyssart-085-300x200.jpg 300w, https:\/\/odyssart.org\/wp-content\/uploads\/2025\/09\/2024-04-24-OFQJ-Odyssart-085-768x512.jpg 768w, https:\/\/odyssart.org\/wp-content\/uploads\/2025\/09\/2024-04-24-OFQJ-Odyssart-085-1536x1024.jpg 1536w, https:\/\/odyssart.org\/wp-content\/uploads\/2025\/09\/2024-04-24-OFQJ-Odyssart-085-18x12.jpg 18w, https:\/\/odyssart.org\/wp-content\/uploads\/2025\/09\/2024-04-24-OFQJ-Odyssart-085.jpg 2000w\" sizes=\"auto, (max-width: 1024px) 100vw, 1024px\" \/><\/figure>\n\n\n\n<h2 class=\"wp-block-heading\">L\u2019appel \u00e0 projets Odyssart<\/h2>\n\n\n\n<p>Odyssart est un appel \u00e0 projets annuel de l\u2019OFQJ soutenu par la Fondation DRG, qui permet de financer des projets culturels entre la France et le Canada. La soumission des projets 2025 d\u00e9butera \u00e0 l\u2019automne, et donnera lieu \u00e0 des aides financi\u00e8res entre 20 000\u20ac et 30 000\u20ac.<\/p>","protected":false},"excerpt":{"rendered":"<p>Mercredi 24 avril 2024 se tenait une rencontre entre les laur\u00e9ats de l\u2019appel \u00e0 projets Odyssart 2023 et 2024 au Bar \u00e0 Bulles \u00e0 Paris. <\/p>","protected":false},"author":1,"featured_media":618,"comment_status":"closed","ping_status":"","sticky":false,"template":"","format":"standard","meta":{"_eb_attr":"","_uag_custom_page_level_css":"","advanced_seo_description":"Mercredi 24 avril 2024 se tenait une rencontre entre les laur\u00e9ats de l\u2019appel \u00e0 projets Odyssart 2023 et 2024 au Bar \u00e0 Bulles \u00e0 Paris. ","jetpack_seo_html_title":"La rencontre des laur\u00e9ats Odyssart 2024","jetpack_seo_noindex":false,"_EventAllDay":false,"_EventTimezone":"","_EventStartDate":"","_EventEndDate":"","_EventStartDateUTC":"","_EventEndDateUTC":"","_EventShowMap":false,"_EventShowMapLink":false,"_EventURL":"","_EventCost":"","_EventCostDescription":"","_EventCurrencySymbol":"","_EventCurrencyCode":"","_EventCurrencyPosition":"","_EventDateTimeSeparator":"","_EventTimeRangeSeparator":"","_EventOrganizerID":[],"_EventVenueID":[],"_OrganizerEmail":"","_OrganizerPhone":"","_OrganizerWebsite":"","_VenueAddress":"","_VenueCity":"","_VenueCountry":"","_VenueProvince":"","_VenueState":"","_VenueZip":"","_VenuePhone":"","_VenueURL":"","_VenueStateProvince":"","_VenueLat":"","_VenueLng":"","_VenueShowMap":false,"_VenueShowMapLink":false,"_jetpack_memberships_contains_paid_content":false,"footnotes":""},"categories":[54],"tags":[57,55,58],"class_list":["post-613","post","type-post","status-publish","format-standard","has-post-thumbnail","hentry","category-ofqj","tag-laureats","tag-odyssart","tag-paris"],"jetpack_featured_media_url":"https:\/\/odyssart.org\/wp-content\/uploads\/2025\/09\/2024-04-24-OFQJ-Odyssart-034.jpg","uagb_featured_image_src":{"full":["https:\/\/odyssart.org\/wp-content\/uploads\/2025\/09\/2024-04-24-OFQJ-Odyssart-034.jpg",2000,1333,false],"thumbnail":["https:\/\/odyssart.org\/wp-content\/uploads\/2025\/09\/2024-04-24-OFQJ-Odyssart-034-150x150.jpg",150,150,true],"medium":["https:\/\/odyssart.org\/wp-content\/uploads\/2025\/09\/2024-04-24-OFQJ-Odyssart-034-300x200.jpg",300,200,true],"medium_large":["https:\/\/odyssart.org\/wp-content\/uploads\/2025\/09\/2024-04-24-OFQJ-Odyssart-034-768x512.jpg",768,512,true],"large":["https:\/\/odyssart.org\/wp-content\/uploads\/2025\/09\/2024-04-24-OFQJ-Odyssart-034-1024x682.jpg",1024,682,true],"1536x1536":["https:\/\/odyssart.org\/wp-content\/uploads\/2025\/09\/2024-04-24-OFQJ-Odyssart-034-1536x1024.jpg",1536,1024,true],"2048x2048":["https:\/\/odyssart.org\/wp-content\/uploads\/2025\/09\/2024-04-24-OFQJ-Odyssart-034.jpg",2000,1333,false],"trp-custom-language-flag":["https:\/\/odyssart.org\/wp-content\/uploads\/2025\/09\/2024-04-24-OFQJ-Odyssart-034-18x12.jpg",18,12,true]},"uagb_author_info":{"display_name":"admin3046","author_link":"https:\/\/odyssart.org\/en\/author\/admin3046\/"},"uagb_comment_info":0,"uagb_excerpt":"Mercredi 24 avril 2024 se tenait une rencontre entre les laur\u00e9ats de l\u2019appel \u00e0 projets Odyssart 2023 et 2024 au Bar \u00e0 Bulles \u00e0 Paris.","jetpack_sharing_enabled":true,"jetpack-related-posts":[{"id":710,"url":"https:\/\/odyssart.org\/en\/le-webinaire-dinformation-odyssart-2026-est-disponible-en-rediffusion\/","url_meta":{"origin":613,"position":0},"title":"Le webinaire d&rsquo;information Odyssart 2026 est disponible en rediffusion","author":"admin3046","date":"02\/10\/2025","format":false,"excerpt":"Le webinaire d'information Odyssart est disponible en rediffusion.","rel":"","context":"In &quot;OFQJ&quot;","block_context":{"text":"OFQJ","link":"https:\/\/odyssart.org\/en\/category\/ofqj\/"},"img":{"alt_text":"Webinaire Odyssart 2026","src":"https:\/\/i0.wp.com\/odyssart.org\/wp-content\/uploads\/2025\/09\/Webinaire-Odyssart-2026.jpg?resize=350%2C200&ssl=1","width":350,"height":200,"srcset":"https:\/\/i0.wp.com\/odyssart.org\/wp-content\/uploads\/2025\/09\/Webinaire-Odyssart-2026.jpg?resize=350%2C200&ssl=1 1x, https:\/\/i0.wp.com\/odyssart.org\/wp-content\/uploads\/2025\/09\/Webinaire-Odyssart-2026.jpg?resize=525%2C300&ssl=1 1.5x, https:\/\/i0.wp.com\/odyssart.org\/wp-content\/uploads\/2025\/09\/Webinaire-Odyssart-2026.jpg?resize=700%2C400&ssl=1 2x, https:\/\/i0.wp.com\/odyssart.org\/wp-content\/uploads\/2025\/09\/Webinaire-Odyssart-2026.jpg?resize=1050%2C600&ssl=1 3x, https:\/\/i0.wp.com\/odyssart.org\/wp-content\/uploads\/2025\/09\/Webinaire-Odyssart-2026.jpg?resize=1400%2C800&ssl=1 4x"},"classes":[]},{"id":68,"url":"https:\/\/odyssart.org\/en\/odyssart-2024-radio-campus-orleans-sassocie-avec-la-radio-quebecoise-cfak\/","url_meta":{"origin":613,"position":1},"title":"Odyssart 2024 : Radio Campus Orl\u00e9ans s\u2019associe avec la radio qu\u00e9b\u00e9coise CFAK","author":"admin3046","date":"31\/12\/2024","format":false,"excerpt":"Article publi\u00e9 le 2 mai 2024 Laur\u00e9ate de l\u2019appel \u00e0 projets Odyssart, la Radio Campus Orl\u00e9ans d\u00e9voile aujourd\u2019hui son projet de mobilit\u00e9 France \u2013 Canada, et son association avec la radio \u00e9tudiante qu\u00e9b\u00e9coise CFAK de Sherbrooke, qui partage la m\u00eame fr\u00e9quence qu\u2019elle : le 88.3 FM ! Source : Radio\u2026","rel":"","context":"In &quot;Laur\u00e9ats 2024&quot;","block_context":{"text":"Laur\u00e9ats 2024","link":"https:\/\/odyssart.org\/en\/category\/laureats-2024\/"},"img":{"alt_text":"Radio Campus Orl\u00e9ans","src":"https:\/\/i0.wp.com\/odyssart.org\/wp-content\/uploads\/2025\/08\/Radio-campus-orleans-2023.jpg?resize=350%2C200&ssl=1","width":350,"height":200,"srcset":"https:\/\/i0.wp.com\/odyssart.org\/wp-content\/uploads\/2025\/08\/Radio-campus-orleans-2023.jpg?resize=350%2C200&ssl=1 1x, https:\/\/i0.wp.com\/odyssart.org\/wp-content\/uploads\/2025\/08\/Radio-campus-orleans-2023.jpg?resize=525%2C300&ssl=1 1.5x, https:\/\/i0.wp.com\/odyssart.org\/wp-content\/uploads\/2025\/08\/Radio-campus-orleans-2023.jpg?resize=700%2C400&ssl=1 2x"},"classes":[]},{"id":769,"url":"https:\/\/odyssart.org\/en\/decouvrez-les-12-laureats-odyssart-2026\/","url_meta":{"origin":613,"position":2},"title":"D\u00e9couvrez les 12 laur\u00e9ats Odyssart 2026","author":"admin3046","date":"16\/12\/2025","format":false,"excerpt":"D\u00e9couvrez les 12 laur\u00e9ats Odyssart 2026","rel":"","context":"In &quot;OFQJ&quot;","block_context":{"text":"OFQJ","link":"https:\/\/odyssart.org\/en\/category\/ofqj\/"},"img":{"alt_text":"Logo Odyssart 2026","src":"https:\/\/i0.wp.com\/odyssart.org\/wp-content\/uploads\/2025\/12\/Logo-Odyssart-2026.png?resize=350%2C200&ssl=1","width":350,"height":200,"srcset":"https:\/\/i0.wp.com\/odyssart.org\/wp-content\/uploads\/2025\/12\/Logo-Odyssart-2026.png?resize=350%2C200&ssl=1 1x, https:\/\/i0.wp.com\/odyssart.org\/wp-content\/uploads\/2025\/12\/Logo-Odyssart-2026.png?resize=525%2C300&ssl=1 1.5x, https:\/\/i0.wp.com\/odyssart.org\/wp-content\/uploads\/2025\/12\/Logo-Odyssart-2026.png?resize=700%2C400&ssl=1 2x"},"classes":[]},{"id":621,"url":"https:\/\/odyssart.org\/en\/odyssart-2023-a-la-rencontre-des-meduses-un-projet-musical-choregraphique-et-technologique\/","url_meta":{"origin":613,"position":3},"title":"Odyssart 2023 : \u00c0 la rencontre des M\u00c9DUSES, un projet musical, chor\u00e9graphique et technologique","author":"admin3046","date":"08\/09\/2025","format":false,"excerpt":"\u00c0 la rencontre des M\u00c9DUSES, un projet pr\u00e9sent\u00e9 par la Compagnie Sospeso et l\u2019association Infini d\u2019Arts, est laur\u00e9at de l\u2019appel \u00e0 projets Odyssart 2023. Sandrine Martel-Laferri\u00e8re, gigueuse qu\u00e9b\u00e9coise et Marion Parrinello, danseuse et musicienne fran\u00e7aise, ont cocr\u00e9\u00e9 une chor\u00e9graphie de danse rythmique et percussive, inspir\u00e9e de la gigue et des\u2026","rel":"","context":"In &quot;Laur\u00e9ats 2023&quot;","block_context":{"text":"Laur\u00e9ats 2023","link":"https:\/\/odyssart.org\/en\/category\/laureats-2023\/"},"img":{"alt_text":"A la rencontre des m\u00e9duses","src":"https:\/\/i0.wp.com\/odyssart.org\/wp-content\/uploads\/2025\/08\/sospeso-2023-scaled.jpg?resize=350%2C200&ssl=1","width":350,"height":200,"srcset":"https:\/\/i0.wp.com\/odyssart.org\/wp-content\/uploads\/2025\/08\/sospeso-2023-scaled.jpg?resize=350%2C200&ssl=1 1x, https:\/\/i0.wp.com\/odyssart.org\/wp-content\/uploads\/2025\/08\/sospeso-2023-scaled.jpg?resize=525%2C300&ssl=1 1.5x, https:\/\/i0.wp.com\/odyssart.org\/wp-content\/uploads\/2025\/08\/sospeso-2023-scaled.jpg?resize=700%2C400&ssl=1 2x, https:\/\/i0.wp.com\/odyssart.org\/wp-content\/uploads\/2025\/08\/sospeso-2023-scaled.jpg?resize=1050%2C600&ssl=1 3x, https:\/\/i0.wp.com\/odyssart.org\/wp-content\/uploads\/2025\/08\/sospeso-2023-scaled.jpg?resize=1400%2C800&ssl=1 4x"},"classes":[]},{"id":678,"url":"https:\/\/odyssart.org\/en\/lancement-de-lappel-a-projets-culturels-odyssart-2026\/","url_meta":{"origin":613,"position":4},"title":"Lancement de l\u2019appel \u00e0 projets culturels Odyssart 2026","author":"Claire Favillier","date":"22\/09\/2025","format":false,"excerpt":"Depuis 2022, l\u2019appel \u00e0 projets Odyssart, initi\u00e9 par l\u2019Office franco-qu\u00e9b\u00e9cois pour la jeunesse (OFQJ) fait \u00e9merger des initiatives culturelles ambitieuses entre la France et le Canada \/ Qu\u00e9bec. Pour cette nouvelle \u00e9dition, le programme continue d\u2019encourager les jeunes artistes de 18 \u00e0 35 ans \u00e0 franchir les fronti\u00e8res et \u00e0\u2026","rel":"","context":"In &quot;OFQJ&quot;","block_context":{"text":"OFQJ","link":"https:\/\/odyssart.org\/en\/category\/ofqj\/"},"img":{"alt_text":"Logo Odyssart 2026","src":"https:\/\/i0.wp.com\/odyssart.org\/wp-content\/uploads\/2025\/09\/Logo-Odyssart-2026.ai_.png?resize=350%2C200&ssl=1","width":350,"height":200,"srcset":"https:\/\/i0.wp.com\/odyssart.org\/wp-content\/uploads\/2025\/09\/Logo-Odyssart-2026.ai_.png?resize=350%2C200&ssl=1 1x, https:\/\/i0.wp.com\/odyssart.org\/wp-content\/uploads\/2025\/09\/Logo-Odyssart-2026.ai_.png?resize=525%2C300&ssl=1 1.5x, https:\/\/i0.wp.com\/odyssart.org\/wp-content\/uploads\/2025\/09\/Logo-Odyssart-2026.ai_.png?resize=700%2C400&ssl=1 2x, https:\/\/i0.wp.com\/odyssart.org\/wp-content\/uploads\/2025\/09\/Logo-Odyssart-2026.ai_.png?resize=1050%2C600&ssl=1 3x, https:\/\/i0.wp.com\/odyssart.org\/wp-content\/uploads\/2025\/09\/Logo-Odyssart-2026.ai_.png?resize=1400%2C800&ssl=1 4x"},"classes":[]},{"id":89,"url":"https:\/\/odyssart.org\/en\/odyssart-2024-vib-e-motion-quand-la-technologie-capte-lemotion-du-spectacle\/","url_meta":{"origin":613,"position":5},"title":"Odyssart 2024\u202f: VIB.E-MOTION : Quand la technologie capte l\u2019\u00e9motion du spectacle\u00a0","author":"admin3046","date":"31\/01\/2025","format":false,"excerpt":"Comment rendre visible l\u2019\u00e9motion collective ressentie par un public lors d\u2019un spectacle ? C\u2019est le d\u00e9fi que s\u2019est lanc\u00e9 la compagnie Fheel Concepts avec son projet VIB.E-MOTION. Gr\u00e2ce \u00e0 un outil num\u00e9rique utilisant la technologie haptique ((bracelets biom\u00e9triques type \u2000fitbit), la compagnie chercher \u00e0 capter et cartographier en temps r\u00e9el\u2026","rel":"","context":"In &quot;Laur\u00e9ats 2024&quot;","block_context":{"text":"Laur\u00e9ats 2024","link":"https:\/\/odyssart.org\/en\/category\/laureats-2024\/"},"img":{"alt_text":"Fheel Concept - VIB.E-MOTION 2024","src":"https:\/\/i0.wp.com\/odyssart.org\/wp-content\/uploads\/2025\/08\/Odyssart-Fheelconcept_3191.jpg?resize=350%2C200&ssl=1","width":350,"height":200,"srcset":"https:\/\/i0.wp.com\/odyssart.org\/wp-content\/uploads\/2025\/08\/Odyssart-Fheelconcept_3191.jpg?resize=350%2C200&ssl=1 1x, https:\/\/i0.wp.com\/odyssart.org\/wp-content\/uploads\/2025\/08\/Odyssart-Fheelconcept_3191.jpg?resize=525%2C300&ssl=1 1.5x, https:\/\/i0.wp.com\/odyssart.org\/wp-content\/uploads\/2025\/08\/Odyssart-Fheelconcept_3191.jpg?resize=700%2C400&ssl=1 2x, https:\/\/i0.wp.com\/odyssart.org\/wp-content\/uploads\/2025\/08\/Odyssart-Fheelconcept_3191.jpg?resize=1050%2C600&ssl=1 3x, https:\/\/i0.wp.com\/odyssart.org\/wp-content\/uploads\/2025\/08\/Odyssart-Fheelconcept_3191.jpg?resize=1400%2C800&ssl=1 4x"},"classes":[]}],"_links":{"self":[{"href":"https:\/\/odyssart.org\/en\/wp-json\/wp\/v2\/posts\/613","targetHints":{"allow":["GET"]}}],"collection":[{"href":"https:\/\/odyssart.org\/en\/wp-json\/wp\/v2\/posts"}],"about":[{"href":"https:\/\/odyssart.org\/en\/wp-json\/wp\/v2\/types\/post"}],"author":[{"embeddable":true,"href":"https:\/\/odyssart.org\/en\/wp-json\/wp\/v2\/users\/1"}],"replies":[{"embeddable":true,"href":"https:\/\/odyssart.org\/en\/wp-json\/wp\/v2\/comments?post=613"}],"version-history":[{"count":2,"href":"https:\/\/odyssart.org\/en\/wp-json\/wp\/v2\/posts\/613\/revisions"}],"predecessor-version":[{"id":620,"href":"https:\/\/odyssart.org\/en\/wp-json\/wp\/v2\/posts\/613\/revisions\/620"}],"wp:featuredmedia":[{"embeddable":true,"href":"https:\/\/odyssart.org\/en\/wp-json\/wp\/v2\/media\/618"}],"wp:attachment":[{"href":"https:\/\/odyssart.org\/en\/wp-json\/wp\/v2\/media?parent=613"}],"wp:term":[{"taxonomy":"category","embeddable":true,"href":"https:\/\/odyssart.org\/en\/wp-json\/wp\/v2\/categories?post=613"},{"taxonomy":"post_tag","embeddable":true,"href":"https:\/\/odyssart.org\/en\/wp-json\/wp\/v2\/tags?post=613"}],"curies":[{"name":"wp","href":"https:\/\/api.w.org\/{rel}","templated":true}]}}