{"id":678,"date":"2025-09-22T10:50:30","date_gmt":"2025-09-22T08:50:30","guid":{"rendered":"https:\/\/odyssart.org\/?p=678"},"modified":"2025-09-22T11:09:26","modified_gmt":"2025-09-22T09:09:26","slug":"lancement-de-lappel-a-projets-culturels-odyssart-2026","status":"publish","type":"post","link":"https:\/\/odyssart.org\/en\/lancement-de-lappel-a-projets-culturels-odyssart-2026\/","title":{"rendered":"Lancement de l\u2019appel \u00e0 projets culturels Odyssart 2026"},"content":{"rendered":"<p><strong>Depuis 2022, l\u2019appel \u00e0 projets Odyssart, initi\u00e9 par l\u2019Office franco-qu\u00e9b\u00e9cois pour la jeunesse (OFQJ) fait \u00e9merger des initiatives culturelles ambitieuses entre la France et le Canada \/ Qu\u00e9bec.  Pour cette nouvelle \u00e9dition, le programme continue d\u2019encourager les jeunes artistes de 18 \u00e0 35 ans \u00e0 franchir les fronti\u00e8res et \u00e0 cr\u00e9er de nouveaux projets artistiques. \u00c0 la cl\u00e9, une aide financi\u00e8re pouvant aller jusqu\u2019\u00e0 30 000 \u20ac pour concr\u00e9tiser leur projet !<br><br>Les candidatures sont ouvertes du 22 septembre jusqu\u2019au 4 novembre 2025 inclus.<\/strong><\/p>\n\n\n\n<h2 class=\"wp-block-heading\">Odyssart : Valoriser la jeune cr\u00e9ation artistique entre la France et le Canada\/Qu\u00e9bec<\/h2>\n\n\n\n<p>Depuis sa cr\u00e9ation,&nbsp;<strong>une trentaine de projets&nbsp;ont d\u00e9j\u00e0 \u00e9t\u00e9 financ\u00e9s,<\/strong> dans des disciplines aussi vari\u00e9es que le spectacle vivant, la litt\u00e9rature, les arts num\u00e9riques, l\u2019\u00e9dition, le design ou encore l\u2019audiovisuel.&nbsp;Pour cette \u00e9dition 2026, les candidats peuvent de nouveau pr\u00e9tendre \u00e0 une aide financi\u00e8re&nbsp;repr\u00e9sentant jusqu\u2019\u00e0 70 % du budget total du projet.<\/p>\n\n\n\n<p><strong>\u00c0 destination des artistes ind\u00e9pendants ou des structures culturelles<\/strong>, le programme permet de&nbsp;construire un projet transatlantique sur-mesure, dans une logique de coop\u00e9ration, de cr\u00e9ation partag\u00e9e et de valorisation de la francophonie.<\/p>\n\n\n\n<p>Un crit\u00e8re central : les projets doivent int\u00e9grer une <strong>dimension francophone<\/strong> et proposer <strong>un volet de co-cr\u00e9ation et de mobilit\u00e9 entre la France et le Canada, incluant le Qu\u00e9bec<\/strong> ou toute autre province. Cela peut se traduire par des r\u00e9sidences crois\u00e9es, des tournages, des enregistrements, des cr\u00e9ations en bin\u00f4me, ou encore des cycles d\u2019ateliers communs.<\/p>\n\n\n\n<h2 class=\"wp-block-heading\">Assister au webinaire d\u2019information du 30 septembre<\/h2>\n\n\n\n<p><strong>Un&nbsp;webinaire de pr\u00e9sentation&nbsp;de l\u2019appel \u00e0 projets aura lieu le 30 septembre \u00e0 15h30<\/strong> (heure de Paris) pour pr\u00e9senter le dispositif et permettre \u00e0 plusieurs laur\u00e9ats des \u00e9ditions pr\u00e9c\u00e9dentes de&nbsp;partager leurs parcours, les \u00e9tapes de co-construction de leurs projets, les apprentissages tir\u00e9s de leur exp\u00e9rience de mobilit\u00e9, et les retomb\u00e9es concr\u00e8tes sur leur carri\u00e8re.<\/p>\n\n\n\n<p>Ce temps d\u2019\u00e9change permettra aux potentiels candidats de mieux cerner les attendus du programme et de poser leurs questions en direct.<\/p>\n\n\n\n<div class=\"wp-block-buttons is-layout-flex wp-block-buttons-is-layout-flex\">\n<div class=\"wp-block-button\"><a class=\"wp-block-button__link wp-element-button\" href=\"https:\/\/us06web.zoom.us\/meeting\/register\/xdrxIsMcSLat7geXWwoWog\">S&rsquo;inscrire en ligne<\/a><\/div>\n\n\n\n<div class=\"wp-block-button\"><a class=\"wp-block-button__link wp-element-button\" href=\"https:\/\/eu.mar.medallia.com\/odyssart2026\">Submit a project<\/a><\/div>\n\n\n\n<div class=\"wp-block-button\"><a class=\"wp-block-button__link wp-element-button\" href=\"https:\/\/odyssart.org\/en\/reglement-odyssart-2026\/\">Read the guidelines<\/a><\/div>\n<\/div>","protected":false},"excerpt":{"rendered":"<p>Depuis 2022, l\u2019appel \u00e0 projets Odyssart, initi\u00e9 par l\u2019Office franco-qu\u00e9b\u00e9cois pour la jeunesse (OFQJ) fait \u00e9merger des initiatives culturelles ambitieuses entre la France et le Canada \/ Qu\u00e9bec. Pour cette [&hellip;]<\/p>\n","protected":false},"author":2,"featured_media":679,"comment_status":"closed","ping_status":"closed","sticky":false,"template":"","format":"standard","meta":{"_eb_attr":"","_uag_custom_page_level_css":"","advanced_seo_description":"","jetpack_seo_html_title":"","jetpack_seo_noindex":false,"_EventAllDay":false,"_EventTimezone":"","_EventStartDate":"","_EventEndDate":"","_EventStartDateUTC":"","_EventEndDateUTC":"","_EventShowMap":false,"_EventShowMapLink":false,"_EventURL":"","_EventCost":"","_EventCostDescription":"","_EventCurrencySymbol":"","_EventCurrencyCode":"","_EventCurrencyPosition":"","_EventDateTimeSeparator":"","_EventTimeRangeSeparator":"","_EventOrganizerID":[],"_EventVenueID":[],"_OrganizerEmail":"","_OrganizerPhone":"","_OrganizerWebsite":"","_VenueAddress":"","_VenueCity":"","_VenueCountry":"","_VenueProvince":"","_VenueState":"","_VenueZip":"","_VenuePhone":"","_VenueURL":"","_VenueStateProvince":"","_VenueLat":"","_VenueLng":"","_VenueShowMap":false,"_VenueShowMapLink":false,"_jetpack_memberships_contains_paid_content":false,"footnotes":""},"categories":[54],"tags":[69],"class_list":["post-678","post","type-post","status-publish","format-standard","has-post-thumbnail","hentry","category-ofqj","tag-odyssart-2026"],"jetpack_featured_media_url":"https:\/\/odyssart.org\/wp-content\/uploads\/2025\/09\/Logo-Odyssart-2026.ai_.png","uagb_featured_image_src":{"full":["https:\/\/odyssart.org\/wp-content\/uploads\/2025\/09\/Logo-Odyssart-2026.ai_.png",2000,1127,false],"thumbnail":["https:\/\/odyssart.org\/wp-content\/uploads\/2025\/09\/Logo-Odyssart-2026.ai_-150x150.png",150,150,true],"medium":["https:\/\/odyssart.org\/wp-content\/uploads\/2025\/09\/Logo-Odyssart-2026.ai_-300x169.png",300,169,true],"medium_large":["https:\/\/odyssart.org\/wp-content\/uploads\/2025\/09\/Logo-Odyssart-2026.ai_-768x433.png",768,433,true],"large":["https:\/\/odyssart.org\/wp-content\/uploads\/2025\/09\/Logo-Odyssart-2026.ai_-1024x577.png",1024,577,true],"1536x1536":["https:\/\/odyssart.org\/wp-content\/uploads\/2025\/09\/Logo-Odyssart-2026.ai_.png",1536,866,false],"2048x2048":["https:\/\/odyssart.org\/wp-content\/uploads\/2025\/09\/Logo-Odyssart-2026.ai_.png",2000,1127,false],"trp-custom-language-flag":["https:\/\/odyssart.org\/wp-content\/uploads\/2025\/09\/Logo-Odyssart-2026.ai_.png",18,10,false]},"uagb_author_info":{"display_name":"Claire Favillier","author_link":"https:\/\/odyssart.org\/en\/author\/claire\/"},"uagb_comment_info":0,"uagb_excerpt":"Depuis 2022, l\u2019appel \u00e0 projets Odyssart, initi\u00e9 par l\u2019Office franco-qu\u00e9b\u00e9cois pour la jeunesse (OFQJ) fait \u00e9merger des initiatives culturelles ambitieuses entre la France et le Canada \/ Qu\u00e9bec. Pour cette [&hellip;]","jetpack_sharing_enabled":true,"jetpack-related-posts":[{"id":710,"url":"https:\/\/odyssart.org\/en\/le-webinaire-dinformation-odyssart-2026-est-disponible-en-rediffusion\/","url_meta":{"origin":678,"position":0},"title":"Le webinaire d&rsquo;information Odyssart 2026 est disponible en rediffusion","author":"admin3046","date":"02\/10\/2025","format":false,"excerpt":"Le webinaire d'information Odyssart est disponible en rediffusion.","rel":"","context":"In &quot;OFQJ&quot;","block_context":{"text":"OFQJ","link":"https:\/\/odyssart.org\/en\/category\/ofqj\/"},"img":{"alt_text":"Webinaire Odyssart 2026","src":"https:\/\/i0.wp.com\/odyssart.org\/wp-content\/uploads\/2025\/09\/Webinaire-Odyssart-2026.jpg?resize=350%2C200&ssl=1","width":350,"height":200,"srcset":"https:\/\/i0.wp.com\/odyssart.org\/wp-content\/uploads\/2025\/09\/Webinaire-Odyssart-2026.jpg?resize=350%2C200&ssl=1 1x, https:\/\/i0.wp.com\/odyssart.org\/wp-content\/uploads\/2025\/09\/Webinaire-Odyssart-2026.jpg?resize=525%2C300&ssl=1 1.5x, https:\/\/i0.wp.com\/odyssart.org\/wp-content\/uploads\/2025\/09\/Webinaire-Odyssart-2026.jpg?resize=700%2C400&ssl=1 2x, https:\/\/i0.wp.com\/odyssart.org\/wp-content\/uploads\/2025\/09\/Webinaire-Odyssart-2026.jpg?resize=1050%2C600&ssl=1 3x, https:\/\/i0.wp.com\/odyssart.org\/wp-content\/uploads\/2025\/09\/Webinaire-Odyssart-2026.jpg?resize=1400%2C800&ssl=1 4x"},"classes":[]},{"id":769,"url":"https:\/\/odyssart.org\/en\/decouvrez-les-12-laureats-odyssart-2026\/","url_meta":{"origin":678,"position":1},"title":"D\u00e9couvrez les 12 laur\u00e9ats Odyssart 2026","author":"admin3046","date":"16\/12\/2025","format":false,"excerpt":"D\u00e9couvrez les 12 laur\u00e9ats Odyssart 2026","rel":"","context":"In &quot;OFQJ&quot;","block_context":{"text":"OFQJ","link":"https:\/\/odyssart.org\/en\/category\/ofqj\/"},"img":{"alt_text":"Logo Odyssart 2026","src":"https:\/\/i0.wp.com\/odyssart.org\/wp-content\/uploads\/2025\/12\/Logo-Odyssart-2026.png?resize=350%2C200&ssl=1","width":350,"height":200,"srcset":"https:\/\/i0.wp.com\/odyssart.org\/wp-content\/uploads\/2025\/12\/Logo-Odyssart-2026.png?resize=350%2C200&ssl=1 1x, https:\/\/i0.wp.com\/odyssart.org\/wp-content\/uploads\/2025\/12\/Logo-Odyssart-2026.png?resize=525%2C300&ssl=1 1.5x, https:\/\/i0.wp.com\/odyssart.org\/wp-content\/uploads\/2025\/12\/Logo-Odyssart-2026.png?resize=700%2C400&ssl=1 2x"},"classes":[]},{"id":613,"url":"https:\/\/odyssart.org\/en\/les-laureats-odyssart-reunis-a-paris-pour-une-rencontre-inedite\/","url_meta":{"origin":678,"position":2},"title":"Les laur\u00e9ats Odyssart r\u00e9unis \u00e0 Paris pour une rencontre in\u00e9dite","author":"admin3046","date":"24\/04\/2024","format":false,"excerpt":"Mercredi 24 avril 2024 se tenait une rencontre entre les laur\u00e9ats de l\u2019appel \u00e0 projets Odyssart 2023 et 2024 au Bar \u00e0 Bulles \u00e0 Paris.","rel":"","context":"In &quot;OFQJ&quot;","block_context":{"text":"OFQJ","link":"https:\/\/odyssart.org\/en\/category\/ofqj\/"},"img":{"alt_text":"Rencontre Odyssart 2024","src":"https:\/\/i0.wp.com\/odyssart.org\/wp-content\/uploads\/2025\/09\/2024-04-24-OFQJ-Odyssart-034.jpg?resize=350%2C200&ssl=1","width":350,"height":200,"srcset":"https:\/\/i0.wp.com\/odyssart.org\/wp-content\/uploads\/2025\/09\/2024-04-24-OFQJ-Odyssart-034.jpg?resize=350%2C200&ssl=1 1x, https:\/\/i0.wp.com\/odyssart.org\/wp-content\/uploads\/2025\/09\/2024-04-24-OFQJ-Odyssart-034.jpg?resize=525%2C300&ssl=1 1.5x, https:\/\/i0.wp.com\/odyssart.org\/wp-content\/uploads\/2025\/09\/2024-04-24-OFQJ-Odyssart-034.jpg?resize=700%2C400&ssl=1 2x, https:\/\/i0.wp.com\/odyssart.org\/wp-content\/uploads\/2025\/09\/2024-04-24-OFQJ-Odyssart-034.jpg?resize=1050%2C600&ssl=1 3x, https:\/\/i0.wp.com\/odyssart.org\/wp-content\/uploads\/2025\/09\/2024-04-24-OFQJ-Odyssart-034.jpg?resize=1400%2C800&ssl=1 4x"},"classes":[]},{"id":68,"url":"https:\/\/odyssart.org\/en\/odyssart-2024-radio-campus-orleans-sassocie-avec-la-radio-quebecoise-cfak\/","url_meta":{"origin":678,"position":3},"title":"Odyssart 2024 : Radio Campus Orl\u00e9ans s\u2019associe avec la radio qu\u00e9b\u00e9coise CFAK","author":"admin3046","date":"31\/12\/2024","format":false,"excerpt":"Article publi\u00e9 le 2 mai 2024 Laur\u00e9ate de l\u2019appel \u00e0 projets Odyssart, la Radio Campus Orl\u00e9ans d\u00e9voile aujourd\u2019hui son projet de mobilit\u00e9 France \u2013 Canada, et son association avec la radio \u00e9tudiante qu\u00e9b\u00e9coise CFAK de Sherbrooke, qui partage la m\u00eame fr\u00e9quence qu\u2019elle : le 88.3 FM ! Source : Radio\u2026","rel":"","context":"In &quot;Laur\u00e9ats 2024&quot;","block_context":{"text":"Laur\u00e9ats 2024","link":"https:\/\/odyssart.org\/en\/category\/laureats-2024\/"},"img":{"alt_text":"Radio Campus Orl\u00e9ans","src":"https:\/\/i0.wp.com\/odyssart.org\/wp-content\/uploads\/2025\/08\/Radio-campus-orleans-2023.jpg?resize=350%2C200&ssl=1","width":350,"height":200,"srcset":"https:\/\/i0.wp.com\/odyssart.org\/wp-content\/uploads\/2025\/08\/Radio-campus-orleans-2023.jpg?resize=350%2C200&ssl=1 1x, https:\/\/i0.wp.com\/odyssart.org\/wp-content\/uploads\/2025\/08\/Radio-campus-orleans-2023.jpg?resize=525%2C300&ssl=1 1.5x, https:\/\/i0.wp.com\/odyssart.org\/wp-content\/uploads\/2025\/08\/Radio-campus-orleans-2023.jpg?resize=700%2C400&ssl=1 2x"},"classes":[]},{"id":621,"url":"https:\/\/odyssart.org\/en\/odyssart-2023-a-la-rencontre-des-meduses-un-projet-musical-choregraphique-et-technologique\/","url_meta":{"origin":678,"position":4},"title":"Odyssart 2023 : \u00c0 la rencontre des M\u00c9DUSES, un projet musical, chor\u00e9graphique et technologique","author":"admin3046","date":"08\/09\/2025","format":false,"excerpt":"\u00c0 la rencontre des M\u00c9DUSES, un projet pr\u00e9sent\u00e9 par la Compagnie Sospeso et l\u2019association Infini d\u2019Arts, est laur\u00e9at de l\u2019appel \u00e0 projets Odyssart 2023. Sandrine Martel-Laferri\u00e8re, gigueuse qu\u00e9b\u00e9coise et Marion Parrinello, danseuse et musicienne fran\u00e7aise, ont cocr\u00e9\u00e9 une chor\u00e9graphie de danse rythmique et percussive, inspir\u00e9e de la gigue et des\u2026","rel":"","context":"In &quot;Laur\u00e9ats 2023&quot;","block_context":{"text":"Laur\u00e9ats 2023","link":"https:\/\/odyssart.org\/en\/category\/laureats-2023\/"},"img":{"alt_text":"A la rencontre des m\u00e9duses","src":"https:\/\/i0.wp.com\/odyssart.org\/wp-content\/uploads\/2025\/08\/sospeso-2023-scaled.jpg?resize=350%2C200&ssl=1","width":350,"height":200,"srcset":"https:\/\/i0.wp.com\/odyssart.org\/wp-content\/uploads\/2025\/08\/sospeso-2023-scaled.jpg?resize=350%2C200&ssl=1 1x, https:\/\/i0.wp.com\/odyssart.org\/wp-content\/uploads\/2025\/08\/sospeso-2023-scaled.jpg?resize=525%2C300&ssl=1 1.5x, https:\/\/i0.wp.com\/odyssart.org\/wp-content\/uploads\/2025\/08\/sospeso-2023-scaled.jpg?resize=700%2C400&ssl=1 2x, https:\/\/i0.wp.com\/odyssart.org\/wp-content\/uploads\/2025\/08\/sospeso-2023-scaled.jpg?resize=1050%2C600&ssl=1 3x, https:\/\/i0.wp.com\/odyssart.org\/wp-content\/uploads\/2025\/08\/sospeso-2023-scaled.jpg?resize=1400%2C800&ssl=1 4x"},"classes":[]},{"id":108,"url":"https:\/\/odyssart.org\/en\/odyssart-2024-les-rencontres-choregraphiques-hip-hop-un-pont-culturel-entre-la-france-et-le-canada\/","url_meta":{"origin":678,"position":5},"title":"Odyssart 2024 : Les rencontres chor\u00e9graphiques Hip Hop, un pont culturel entre la France et le Canada\u00a0","author":"admin3046","date":"31\/12\/2024","format":false,"excerpt":"Forward Movements, compagnie d\u00e9di\u00e9e \u00e0 la cr\u00e9ation artistique en Hip Hop \u00e0 Montr\u00e9al, s'associe \u00e0 Art-Track pour lancer les Rencontres chor\u00e9graphiques Hip Hop. Ce programme d'\u00e9changes entre jeunes artistes de France et du Canada vise \u00e0 favoriser la cr\u00e9ation chor\u00e9graphique tout en renfor\u00e7ant les liens culturels entre les deux territoires.\u2026","rel":"","context":"In &quot;Laur\u00e9ats 2024&quot;","block_context":{"text":"Laur\u00e9ats 2024","link":"https:\/\/odyssart.org\/en\/category\/laureats-2024\/"},"img":{"alt_text":"Cie Forward Movements","src":"https:\/\/i0.wp.com\/odyssart.org\/wp-content\/uploads\/2025\/08\/Forward-movements-hiphop-games-2024.jpg?resize=350%2C200&ssl=1","width":350,"height":200,"srcset":"https:\/\/i0.wp.com\/odyssart.org\/wp-content\/uploads\/2025\/08\/Forward-movements-hiphop-games-2024.jpg?resize=350%2C200&ssl=1 1x, https:\/\/i0.wp.com\/odyssart.org\/wp-content\/uploads\/2025\/08\/Forward-movements-hiphop-games-2024.jpg?resize=525%2C300&ssl=1 1.5x, https:\/\/i0.wp.com\/odyssart.org\/wp-content\/uploads\/2025\/08\/Forward-movements-hiphop-games-2024.jpg?resize=700%2C400&ssl=1 2x, https:\/\/i0.wp.com\/odyssart.org\/wp-content\/uploads\/2025\/08\/Forward-movements-hiphop-games-2024.jpg?resize=1050%2C600&ssl=1 3x, https:\/\/i0.wp.com\/odyssart.org\/wp-content\/uploads\/2025\/08\/Forward-movements-hiphop-games-2024.jpg?resize=1400%2C800&ssl=1 4x"},"classes":[]}],"_links":{"self":[{"href":"https:\/\/odyssart.org\/en\/wp-json\/wp\/v2\/posts\/678","targetHints":{"allow":["GET"]}}],"collection":[{"href":"https:\/\/odyssart.org\/en\/wp-json\/wp\/v2\/posts"}],"about":[{"href":"https:\/\/odyssart.org\/en\/wp-json\/wp\/v2\/types\/post"}],"author":[{"embeddable":true,"href":"https:\/\/odyssart.org\/en\/wp-json\/wp\/v2\/users\/2"}],"replies":[{"embeddable":true,"href":"https:\/\/odyssart.org\/en\/wp-json\/wp\/v2\/comments?post=678"}],"version-history":[{"count":1,"href":"https:\/\/odyssart.org\/en\/wp-json\/wp\/v2\/posts\/678\/revisions"}],"predecessor-version":[{"id":680,"href":"https:\/\/odyssart.org\/en\/wp-json\/wp\/v2\/posts\/678\/revisions\/680"}],"wp:featuredmedia":[{"embeddable":true,"href":"https:\/\/odyssart.org\/en\/wp-json\/wp\/v2\/media\/679"}],"wp:attachment":[{"href":"https:\/\/odyssart.org\/en\/wp-json\/wp\/v2\/media?parent=678"}],"wp:term":[{"taxonomy":"category","embeddable":true,"href":"https:\/\/odyssart.org\/en\/wp-json\/wp\/v2\/categories?post=678"},{"taxonomy":"post_tag","embeddable":true,"href":"https:\/\/odyssart.org\/en\/wp-json\/wp\/v2\/tags?post=678"}],"curies":[{"name":"wp","href":"https:\/\/api.w.org\/{rel}","templated":true}]}}