{"id":68,"date":"2024-12-31T16:09:12","date_gmt":"2024-12-31T15:09:12","guid":{"rendered":"http:\/\/odyssart.org\/?p=68"},"modified":"2025-09-08T18:50:01","modified_gmt":"2025-09-08T16:50:01","slug":"odyssart-2024-radio-campus-orleans-sassocie-avec-la-radio-quebecoise-cfak","status":"publish","type":"post","link":"https:\/\/odyssart.org\/en\/odyssart-2024-radio-campus-orleans-sassocie-avec-la-radio-quebecoise-cfak\/","title":{"rendered":"Odyssart 2024 : Radio Campus Orl\u00e9ans s\u2019associe avec la radio qu\u00e9b\u00e9coise CFAK"},"content":{"rendered":"<p>Article publi\u00e9 le 2 mai 2024<\/p>\n\n\n\n<p><strong>Laur\u00e9ate de l\u2019appel \u00e0 projets Odyssart, la Radio Campus Orl\u00e9ans d\u00e9voile aujourd\u2019hui son projet de mobilit\u00e9 France \u2013 Canada, et son association avec la radio \u00e9tudiante qu\u00e9b\u00e9coise CFAK de Sherbrooke, qui partage la m\u00eame fr\u00e9quence qu\u2019elle : le 88.3 FM !<\/strong><\/p>\n\n\n\n<p>Source : Radio Campus Orl\u00e9ans<\/p>\n\n\n\n<h2 class=\"wp-block-heading\">Sur la m\u00eame longueur d\u2019onde<\/h2>\n\n\n\n<p>En 2024, Radio Campus Orl\u00e9ans s\u2019associe avec la radio qu\u00e9b\u00e9coise CFAK \u00e0 Sherbrooke avec le soutien de l\u2019Office franco-qu\u00e9b\u00e9cois pour la jeunesse (OFQJ), via le programme Odyssart.<\/p>\n\n\n\n<p>Ce qui unit Radio Campus Orl\u00e9ans et CFAK, au-del\u00e0 de la langue fran\u00e7aise, c\u2019est d\u2019abord une fr\u00e9quence en commun : le 88.3 FM. Ce qui nous unit, c\u2019est \u00e9galement notre int\u00e9r\u00eat pour le monde \u00e9tudiant et universitaire, la musique et la culture.<\/p>\n\n\n\n<p>Une rencontre qui fait sens. D\u2019autant plus que ce projet s\u2019inscrit dans les festivit\u00e9s des 30 ans de Radio Campus Orl\u00e9ans : 88.30 ans.<\/p>\n\n\n\n<p>Avec le projet Sur la m\u00eame longueur d\u2019onde, ce sont des \u00e9missions sp\u00e9ciales \u00e0 l\u2019antenne, une double mobilit\u00e9 entre la France et le Qu\u00e9bec, et une exposition itin\u00e9rante qui retracera cette aventure qui seront produites.<\/p>\n\n\n\n<p>La radio CFAK, c\u2019est plus de 80 animateurices, chroniqueureuses, collaborateurices et b\u00e9n\u00e9voles qui, provenant de toutes les facult\u00e9s et de tous les horizons, produisent une quarantaine d\u2019\u00e9missions par session, allant de l\u2019information, de l\u2019actualit\u00e9, \u00e0 des \u00e9missions th\u00e9matiques de toutes sortes, ainsi que des nouvelles tendances musicales qui rejoignent un public large et diversifi\u00e9. CFAK est \u00e0 la fois un lieu d\u2019information et de divertissement, un lieu de rayonnement culturel pour les artistes, un lieu de formation et d\u2019\u00e9change pour la client\u00e8le \u00e9tudiante ainsi qu\u2019un lieu de d\u00e9couverte pour la population sherbrookoise.<\/p>\n\n\n\n<h3 class=\"wp-block-heading\">\u00c9change de programmes<\/h3>\n\n\n\n<p>Tout au long de l\u2019ann\u00e9e 2024, les deux stations \u00e9changeront des \u00e9missions pour faire d\u00e9couvrir leur programmation respective aux auditeurices de l\u2019autre continent.<\/p>\n\n\n\n<h3 class=\"wp-block-heading\">Le Yaourtophone : un balado-podcast sur la francophonie<\/h3>\n\n\n\n<p>Dans le cadre du projet, Radio Campus Orl\u00e9ans et CFAK produiront une \u00e9mission autour de la francophonie et sa particularit\u00e9 dans le milieu culturel : le Yaourtophone. Elle vise \u00e0 explorer l\u2019apport du fran\u00e7ais dans le milieu musical et journalistique, ce qui le distingue des r\u00e9alit\u00e9s des autres langues, tout en explorant les diff\u00e9rences en ce sens entre le Qu\u00e9bec et la France.<\/p>\n\n\n\n<h2 class=\"wp-block-heading\">Des mobilit\u00e9s entre la France et le Qu\u00e9bec<\/h2>\n\n\n\n<h3 class=\"wp-block-heading\">Du Qu\u00e9bec vers la France<\/h3>\n\n\n\n<p>Du 28 mai au 9 juin 2024, l\u2019\u00e9quipe de CFAK participera \u00e0 la deuxi\u00e8me \u00e9dition du festival Ondulations ainsi qu\u2019\u00e0 l\u2019Assembl\u00e9e G\u00e9n\u00e9rale de Radio Campus Francese d\u00e9roulera \u00e0 Orl\u00e9ans les 6, 7 &amp; 8 juin, en concomitance avec la F\u00eate de la radio. Durant ces journ\u00e9es de rencontre nationales, l\u2019\u00e9quipe de CFAK rencontrera les membres des 29 radios campus du territoire m\u00e9tropolitain autour d\u2019ateliers de pratiques et d\u2019\u00e9changes radiophoniques.<\/p>\n\n\n\n<p>Ce sera aussi le coup d\u2019envoi des Jeux Olympiques de la Radio ! Miroir des Jeux Olympiques pr\u00e9vus \u00e0 Paris \u00e0 l\u2019\u00e9t\u00e9, les Jeux Olympiques de la Radio se veulent une comp\u00e9tition entre Radio Campus Orl\u00e9ans et CFAK. Les membres des 88.3 s\u2019affronteront autour d\u2019une s\u00e9rie d\u2019\u00e9preuves attach\u00e9e au milieu radiophonique : construire une image sonore, concevoir un bulletin de nouvelles, r\u00e9aliser une entrevue culturelle, une couverture sportive, etc. Il s\u2019agit d\u2019une opportunit\u00e9 pour appliquer l\u2019expertise des animateurs et de l\u2019appliquer dans un milieu comp\u00e9titif, mais amical, et de faire \u00e9merger les talents de tout un chacun.<\/p>\n\n\n\n<h3 class=\"wp-block-heading\">L\u2019\u00e9quipe de Radio Campus Orl\u00e9ans s\u2019envolera \u00e0 son tour au Qu\u00e9bec du 31 octobre au 12 novembre 2024.<\/h3>\n\n\n\n<p>CFAK profitera de la venue de l\u2019\u00e9quipe orl\u00e9anaise pour impulser l\u2019organisation d\u2019un festival de radio sur Sherbrooke : La Semaine de la radio.<\/p>\n\n\n\n<p>Pour sa toute premi\u00e8re \u00e9dition, la Semaine de la radio voit grand. Pr\u00e9vu du 4 au 8 novembre, l\u2019\u00e9v\u00e9nement veut mettre en lumi\u00e8re le m\u00e9dium qu\u2019est la radio, sous toutes ses formes, et son \u00e9volution dans le temps. Il s\u2019agit d\u2019un \u00e9v\u00e9nement multidisciplinaire dont le rayonnement se fera sur tout le campus principal de l\u2019Universit\u00e9 de Sherbrooke, mais qui sera \u00e9galement ouvert \u00e0 la population sherbrookoise. En plus de Radio Campus Orl\u00e9ans, CFAK compte faire appel aux autres stations de campus qu\u00e9b\u00e9coises francophones (CHYZ, CISM, CHOQ et CFOU) pour participer \u00e0 l\u2019\u00e9v\u00e9nement.<\/p>\n\n\n\n<p>Au programme : journ\u00e9es portes ouvertes de CFAK, qui compte deux studios et des appareils \u00e0 la fine pointe de la technologie ; s\u00e9rie de masterclasses autour du ton journalistique en radio ainsi que sur les bonnes pratiques \u00e0 adopter, sur le d\u00e9marrage de A \u00e0 Z d\u2019un balado (\u00e9quipement \u00e0 utiliser, strat\u00e9gies de communication, choix de la th\u00e9matique et angle original, etc.), et sur comment mener une bonne entrevue ; spectacle d\u2019un ou de plusieurs artistes \u00e9mergents qu\u00e9b\u00e9cois \u00e0 la Petite Salle du Centre Culturel de l\u2019Universit\u00e9 de Sherbrooke ; et un Radiothon, un 12h de radio en continu o\u00f9 s\u2019alterneront des animateurs de CFAK, de Radio Campus Orl\u00e9ans et des autres radios universitaires qu\u00e9b\u00e9coise. Une programmation sp\u00e9ciale sur les ondes de CFAK mettra en lumi\u00e8re des initiatives radiophoniques, et laissera place \u00e0 la tenue d\u2019\u00e9missions par l\u2019\u00e9quipe de RCO.<\/p>\n\n\n\n<h3 class=\"wp-block-heading\">Sur la m\u00eame longueur d\u2019onde : l\u2019exposition<\/h3>\n\n\n\n<p>Une exposition multim\u00e9dia itin\u00e9rante retracera toutes les \u00e9tapes de ce voyage et de cette amiti\u00e9. L\u2019exposition, qui sera imprim\u00e9e et mont\u00e9e des deux c\u00f4t\u00e9s de l\u2019Atlantique, circulera sur les lieux de vie des campus de Sherbrooke et d\u2019Orl\u00e9ans ainsi que sur les lieux partenaires hors-campus.<\/p>\n\n\n\n<p>Une exposition qui permettra de faire perdurer le projet au-del\u00e0 des mobilit\u00e9s et qui, gr\u00e2ce \u00e0 son lien physique direct avec le public, permettra d\u2019inviter les curieux et curieuses \u00e0 \u00e9couter les productions sonores qui auront \u00e9t\u00e9 r\u00e9alis\u00e9es durant nos \u00e9changes. Un vernissage sera \u00e9galement organis\u00e9 en pr\u00e9sence des partenaires, auditeurices, b\u00e9n\u00e9voles des radios et autres publics des lieux d\u2019implantation.<br>En bonus : rencontre radiophonique avec les projets laur\u00e9ats de l\u2019OFQJ<\/p>\n\n\n\n<p>Depuis 2023, via l\u2019appel \u00e0 projet Odyssart, l\u2019Office franco-qu\u00e9b\u00e9cois pour la jeunesse, a soutenu 19 projets autour de la danse, du th\u00e9\u00e2tre, de la production musicale, de la production de documentaires, ou encore du cirque et m\u00eame de la haute voltige.<\/p>\n\n\n\n<p>Autant de porteureuses de projets qui sont invit\u00e9\u00b7es \u00e0 l\u2019antenne pour partager avec nos auditeurices leur exp\u00e9rience artistique des deux c\u00f4t\u00e9s de l\u2019oc\u00e9an Atlantique, \u00e0 d\u00e9couvrir tout au long de l\u2019ann\u00e9e 2024.<\/p>\n\n\n\n<p>Mercredi 24 avril dernier, Erwann et Julie de Radio Campus Orl\u00e9ans se sont rendu\u00b7es \u00e0 Paris pour un cocktail d\u2019accueil entre les laur\u00e9ats Odyssart de 2023 et 2024. Autour d\u2019un verre, nous avons fait connaissance, \u00e9chang\u00e9 sur nos exp\u00e9riences et nos meilleurs conseils.<\/p>\n\n\n\n<p>Learn more<\/p>\n\n\n\n<div class=\"wp-block-uagb-inline-notice uagb-inline_notice__align-left uagb-block-000203de\"><button class=\"uagb-notice-close-button\" type=\"button\" aria-label=\"Close\"><\/button><h4 class=\"uagb-notice-title\">Learn more<\/h4><div class=\"uagb-notice-text\">\n<p><a href=\"https:\/\/orleans.radiocampus.org\">Radio Campus Orl\u00e9ans<\/a><br><a href=\"https:\/\/www.cfak.ca\">CFAK Sherbrooke<\/a><br><a href=\"https:\/\/www.ofqj.org\/odyssart\/laureats-2024\/\">Les laur\u00e9ats Odyssart 2024<\/a><br><a href=\"https:\/\/www.ofqj.org\/les-laureats-odyssart-reunis-a-paris-pour-une-rencontre-inedite\/\">La rencontre des laur\u00e9ats Odyssart<\/a><\/p>\n<\/div><\/div>","protected":false},"excerpt":{"rendered":"<p>Article publi\u00e9 le 2 mai 2024 Laur\u00e9ate de l\u2019appel \u00e0 projets Odyssart, la Radio Campus Orl\u00e9ans d\u00e9voile aujourd\u2019hui son projet de mobilit\u00e9 France \u2013 Canada, et son association avec la [&hellip;]<\/p>\n","protected":false},"author":1,"featured_media":71,"comment_status":"closed","ping_status":"closed","sticky":false,"template":"","format":"standard","meta":{"_eb_attr":"","_uag_custom_page_level_css":"","advanced_seo_description":"","jetpack_seo_html_title":"","jetpack_seo_noindex":false,"_EventAllDay":false,"_EventTimezone":"","_EventStartDate":"","_EventEndDate":"","_EventStartDateUTC":"","_EventEndDateUTC":"","_EventShowMap":false,"_EventShowMapLink":false,"_EventURL":"","_EventCost":"","_EventCostDescription":"","_EventCurrencySymbol":"","_EventCurrencyCode":"","_EventCurrencyPosition":"","_EventDateTimeSeparator":"","_EventTimeRangeSeparator":"","_EventOrganizerID":[],"_EventVenueID":[],"_OrganizerEmail":"","_OrganizerPhone":"","_OrganizerWebsite":"","_VenueAddress":"","_VenueCity":"","_VenueCountry":"","_VenueProvince":"","_VenueState":"","_VenueZip":"","_VenuePhone":"","_VenueURL":"","_VenueStateProvince":"","_VenueLat":"","_VenueLng":"","_VenueShowMap":false,"_VenueShowMapLink":false,"_jetpack_memberships_contains_paid_content":false,"footnotes":""},"categories":[17],"tags":[],"class_list":["post-68","post","type-post","status-publish","format-standard","has-post-thumbnail","hentry","category-laureats-2024"],"jetpack_featured_media_url":"https:\/\/odyssart.org\/wp-content\/uploads\/2025\/08\/Radio-campus-orleans-2023.jpg","uagb_featured_image_src":{"full":["https:\/\/odyssart.org\/wp-content\/uploads\/2025\/08\/Radio-campus-orleans-2023.jpg",800,533,false],"thumbnail":["https:\/\/odyssart.org\/wp-content\/uploads\/2025\/08\/Radio-campus-orleans-2023-150x150.jpg",150,150,true],"medium":["https:\/\/odyssart.org\/wp-content\/uploads\/2025\/08\/Radio-campus-orleans-2023-300x200.jpg",300,200,true],"medium_large":["https:\/\/odyssart.org\/wp-content\/uploads\/2025\/08\/Radio-campus-orleans-2023-768x512.jpg",768,512,true],"large":["https:\/\/odyssart.org\/wp-content\/uploads\/2025\/08\/Radio-campus-orleans-2023.jpg",800,533,false],"1536x1536":["https:\/\/odyssart.org\/wp-content\/uploads\/2025\/08\/Radio-campus-orleans-2023.jpg",800,533,false],"2048x2048":["https:\/\/odyssart.org\/wp-content\/uploads\/2025\/08\/Radio-campus-orleans-2023.jpg",800,533,false],"trp-custom-language-flag":["https:\/\/odyssart.org\/wp-content\/uploads\/2025\/08\/Radio-campus-orleans-2023.jpg",18,12,false]},"uagb_author_info":{"display_name":"admin3046","author_link":"https:\/\/odyssart.org\/en\/author\/admin3046\/"},"uagb_comment_info":0,"uagb_excerpt":"Article publi\u00e9 le 2 mai 2024 Laur\u00e9ate de l\u2019appel \u00e0 projets Odyssart, la Radio Campus Orl\u00e9ans d\u00e9voile aujourd\u2019hui son projet de mobilit\u00e9 France \u2013 Canada, et son association avec la [&hellip;]","jetpack_sharing_enabled":true,"jetpack-related-posts":[{"id":613,"url":"https:\/\/odyssart.org\/en\/les-laureats-odyssart-reunis-a-paris-pour-une-rencontre-inedite\/","url_meta":{"origin":68,"position":0},"title":"Les laur\u00e9ats Odyssart r\u00e9unis \u00e0 Paris pour une rencontre in\u00e9dite","author":"admin3046","date":"24\/04\/2024","format":false,"excerpt":"Mercredi 24 avril 2024 se tenait une rencontre entre les laur\u00e9ats de l\u2019appel \u00e0 projets Odyssart 2023 et 2024 au Bar \u00e0 Bulles \u00e0 Paris.","rel":"","context":"In &quot;OFQJ&quot;","block_context":{"text":"OFQJ","link":"https:\/\/odyssart.org\/en\/category\/ofqj\/"},"img":{"alt_text":"Rencontre Odyssart 2024","src":"https:\/\/i0.wp.com\/odyssart.org\/wp-content\/uploads\/2025\/09\/2024-04-24-OFQJ-Odyssart-034.jpg?resize=350%2C200&ssl=1","width":350,"height":200,"srcset":"https:\/\/i0.wp.com\/odyssart.org\/wp-content\/uploads\/2025\/09\/2024-04-24-OFQJ-Odyssart-034.jpg?resize=350%2C200&ssl=1 1x, https:\/\/i0.wp.com\/odyssart.org\/wp-content\/uploads\/2025\/09\/2024-04-24-OFQJ-Odyssart-034.jpg?resize=525%2C300&ssl=1 1.5x, https:\/\/i0.wp.com\/odyssart.org\/wp-content\/uploads\/2025\/09\/2024-04-24-OFQJ-Odyssart-034.jpg?resize=700%2C400&ssl=1 2x, https:\/\/i0.wp.com\/odyssart.org\/wp-content\/uploads\/2025\/09\/2024-04-24-OFQJ-Odyssart-034.jpg?resize=1050%2C600&ssl=1 3x, https:\/\/i0.wp.com\/odyssart.org\/wp-content\/uploads\/2025\/09\/2024-04-24-OFQJ-Odyssart-034.jpg?resize=1400%2C800&ssl=1 4x"},"classes":[]},{"id":710,"url":"https:\/\/odyssart.org\/en\/le-webinaire-dinformation-odyssart-2026-est-disponible-en-rediffusion\/","url_meta":{"origin":68,"position":1},"title":"Le webinaire d&rsquo;information Odyssart 2026 est disponible en rediffusion","author":"admin3046","date":"02\/10\/2025","format":false,"excerpt":"Le webinaire d'information Odyssart est disponible en rediffusion.","rel":"","context":"In &quot;OFQJ&quot;","block_context":{"text":"OFQJ","link":"https:\/\/odyssart.org\/en\/category\/ofqj\/"},"img":{"alt_text":"Webinaire Odyssart 2026","src":"https:\/\/i0.wp.com\/odyssart.org\/wp-content\/uploads\/2025\/09\/Webinaire-Odyssart-2026.jpg?resize=350%2C200&ssl=1","width":350,"height":200,"srcset":"https:\/\/i0.wp.com\/odyssart.org\/wp-content\/uploads\/2025\/09\/Webinaire-Odyssart-2026.jpg?resize=350%2C200&ssl=1 1x, https:\/\/i0.wp.com\/odyssart.org\/wp-content\/uploads\/2025\/09\/Webinaire-Odyssart-2026.jpg?resize=525%2C300&ssl=1 1.5x, https:\/\/i0.wp.com\/odyssart.org\/wp-content\/uploads\/2025\/09\/Webinaire-Odyssart-2026.jpg?resize=700%2C400&ssl=1 2x, https:\/\/i0.wp.com\/odyssart.org\/wp-content\/uploads\/2025\/09\/Webinaire-Odyssart-2026.jpg?resize=1050%2C600&ssl=1 3x, https:\/\/i0.wp.com\/odyssart.org\/wp-content\/uploads\/2025\/09\/Webinaire-Odyssart-2026.jpg?resize=1400%2C800&ssl=1 4x"},"classes":[]},{"id":602,"url":"https:\/\/odyssart.org\/en\/odyssart-2023-la-flemme-la-prochaine-piece-de-theatre-de-la-compagnie-institout-ecrite-par-et-pour-les-adolescents\/","url_meta":{"origin":68,"position":2},"title":"Odyssart 2023 : La flemme, la prochaine pi\u00e8ce de th\u00e9\u00e2tre de la compagnie Institout, \u00e9crite par et pour les adolescents","author":"admin3046","date":"31\/12\/2023","format":false,"excerpt":"Avec le programme Odyssart et la compagnie Institout, le metteur en sc\u00e8ne Beno\u00eet Peillon et son \u00e9quipe ont pu amener leur projet d\u2019\u00e9criture de pi\u00e8ce de th\u00e9\u00e2tre sur la flemme en sol qu\u00e9b\u00e9cois. En organisant des ateliers autour de la flemme avec des jeunes de la France et du Qu\u00e9bec,\u2026","rel":"","context":"In &quot;Laur\u00e9ats 2023&quot;","block_context":{"text":"Laur\u00e9ats 2023","link":"https:\/\/odyssart.org\/en\/category\/laureats-2023\/"},"img":{"alt_text":"Flemme","src":"https:\/\/i0.wp.com\/odyssart.org\/wp-content\/uploads\/2025\/08\/institout-2023.jpeg?resize=350%2C200&ssl=1","width":350,"height":200,"srcset":"https:\/\/i0.wp.com\/odyssart.org\/wp-content\/uploads\/2025\/08\/institout-2023.jpeg?resize=350%2C200&ssl=1 1x, https:\/\/i0.wp.com\/odyssart.org\/wp-content\/uploads\/2025\/08\/institout-2023.jpeg?resize=525%2C300&ssl=1 1.5x, https:\/\/i0.wp.com\/odyssart.org\/wp-content\/uploads\/2025\/08\/institout-2023.jpeg?resize=700%2C400&ssl=1 2x"},"classes":[]},{"id":621,"url":"https:\/\/odyssart.org\/en\/odyssart-2023-a-la-rencontre-des-meduses-un-projet-musical-choregraphique-et-technologique\/","url_meta":{"origin":68,"position":3},"title":"Odyssart 2023 : \u00c0 la rencontre des M\u00c9DUSES, un projet musical, chor\u00e9graphique et technologique","author":"admin3046","date":"08\/09\/2025","format":false,"excerpt":"\u00c0 la rencontre des M\u00c9DUSES, un projet pr\u00e9sent\u00e9 par la Compagnie Sospeso et l\u2019association Infini d\u2019Arts, est laur\u00e9at de l\u2019appel \u00e0 projets Odyssart 2023. Sandrine Martel-Laferri\u00e8re, gigueuse qu\u00e9b\u00e9coise et Marion Parrinello, danseuse et musicienne fran\u00e7aise, ont cocr\u00e9\u00e9 une chor\u00e9graphie de danse rythmique et percussive, inspir\u00e9e de la gigue et des\u2026","rel":"","context":"In &quot;Laur\u00e9ats 2023&quot;","block_context":{"text":"Laur\u00e9ats 2023","link":"https:\/\/odyssart.org\/en\/category\/laureats-2023\/"},"img":{"alt_text":"A la rencontre des m\u00e9duses","src":"https:\/\/i0.wp.com\/odyssart.org\/wp-content\/uploads\/2025\/08\/sospeso-2023-scaled.jpg?resize=350%2C200&ssl=1","width":350,"height":200,"srcset":"https:\/\/i0.wp.com\/odyssart.org\/wp-content\/uploads\/2025\/08\/sospeso-2023-scaled.jpg?resize=350%2C200&ssl=1 1x, https:\/\/i0.wp.com\/odyssart.org\/wp-content\/uploads\/2025\/08\/sospeso-2023-scaled.jpg?resize=525%2C300&ssl=1 1.5x, https:\/\/i0.wp.com\/odyssart.org\/wp-content\/uploads\/2025\/08\/sospeso-2023-scaled.jpg?resize=700%2C400&ssl=1 2x, https:\/\/i0.wp.com\/odyssart.org\/wp-content\/uploads\/2025\/08\/sospeso-2023-scaled.jpg?resize=1050%2C600&ssl=1 3x, https:\/\/i0.wp.com\/odyssart.org\/wp-content\/uploads\/2025\/08\/sospeso-2023-scaled.jpg?resize=1400%2C800&ssl=1 4x"},"classes":[]},{"id":623,"url":"https:\/\/odyssart.org\/en\/odyssart-2023-manitou-en-dome-360-la-reinvention-dun-spectacle-de-conte-et-darts-numeriques\/","url_meta":{"origin":68,"position":4},"title":"Odyssart 2023 : MANITOU en d\u00f4me 360\u00b0, la r\u00e9invention d\u2019un spectacle de conte et d\u2019arts num\u00e9riques","author":"admin3046","date":"08\/09\/2025","format":false,"excerpt":"Laetitia Troussel-Luber (\u00e0 la plume et la voix), Jos\u00e9phine Hurtut (\u00e0 la musique) et Simon Lazarus (\u00e0 l\u2019image) sont \u00e0 l\u2019origine du spectacle MANITOU, une exp\u00e9rience immersive m\u00ealant vid\u00e9o-projection, musique \u00e9lectronique et art du r\u00e9cit. Laur\u00e9ats de l\u2019appel \u00e0 projets Odyssart 2023, les trois artistes ont effectu\u00e9s une r\u00e9sidence de\u2026","rel":"","context":"In &quot;Laur\u00e9ats 2023&quot;","block_context":{"text":"Laur\u00e9ats 2023","link":"https:\/\/odyssart.org\/en\/category\/laureats-2023\/"},"img":{"alt_text":"Manitou","src":"https:\/\/i0.wp.com\/odyssart.org\/wp-content\/uploads\/2025\/08\/manitou-2023-scaled.jpeg?resize=350%2C200&ssl=1","width":350,"height":200,"srcset":"https:\/\/i0.wp.com\/odyssart.org\/wp-content\/uploads\/2025\/08\/manitou-2023-scaled.jpeg?resize=350%2C200&ssl=1 1x, https:\/\/i0.wp.com\/odyssart.org\/wp-content\/uploads\/2025\/08\/manitou-2023-scaled.jpeg?resize=525%2C300&ssl=1 1.5x, https:\/\/i0.wp.com\/odyssart.org\/wp-content\/uploads\/2025\/08\/manitou-2023-scaled.jpeg?resize=700%2C400&ssl=1 2x, https:\/\/i0.wp.com\/odyssart.org\/wp-content\/uploads\/2025\/08\/manitou-2023-scaled.jpeg?resize=1050%2C600&ssl=1 3x, https:\/\/i0.wp.com\/odyssart.org\/wp-content\/uploads\/2025\/08\/manitou-2023-scaled.jpeg?resize=1400%2C800&ssl=1 4x"},"classes":[]},{"id":678,"url":"https:\/\/odyssart.org\/en\/lancement-de-lappel-a-projets-culturels-odyssart-2026\/","url_meta":{"origin":68,"position":5},"title":"Lancement de l\u2019appel \u00e0 projets culturels Odyssart 2026","author":"Claire Favillier","date":"22\/09\/2025","format":false,"excerpt":"Depuis 2022, l\u2019appel \u00e0 projets Odyssart, initi\u00e9 par l\u2019Office franco-qu\u00e9b\u00e9cois pour la jeunesse (OFQJ) fait \u00e9merger des initiatives culturelles ambitieuses entre la France et le Canada \/ Qu\u00e9bec. Pour cette nouvelle \u00e9dition, le programme continue d\u2019encourager les jeunes artistes de 18 \u00e0 35 ans \u00e0 franchir les fronti\u00e8res et \u00e0\u2026","rel":"","context":"In &quot;OFQJ&quot;","block_context":{"text":"OFQJ","link":"https:\/\/odyssart.org\/en\/category\/ofqj\/"},"img":{"alt_text":"Logo Odyssart 2026","src":"https:\/\/i0.wp.com\/odyssart.org\/wp-content\/uploads\/2025\/09\/Logo-Odyssart-2026.ai_.png?resize=350%2C200&ssl=1","width":350,"height":200,"srcset":"https:\/\/i0.wp.com\/odyssart.org\/wp-content\/uploads\/2025\/09\/Logo-Odyssart-2026.ai_.png?resize=350%2C200&ssl=1 1x, https:\/\/i0.wp.com\/odyssart.org\/wp-content\/uploads\/2025\/09\/Logo-Odyssart-2026.ai_.png?resize=525%2C300&ssl=1 1.5x, https:\/\/i0.wp.com\/odyssart.org\/wp-content\/uploads\/2025\/09\/Logo-Odyssart-2026.ai_.png?resize=700%2C400&ssl=1 2x, https:\/\/i0.wp.com\/odyssart.org\/wp-content\/uploads\/2025\/09\/Logo-Odyssart-2026.ai_.png?resize=1050%2C600&ssl=1 3x, https:\/\/i0.wp.com\/odyssart.org\/wp-content\/uploads\/2025\/09\/Logo-Odyssart-2026.ai_.png?resize=1400%2C800&ssl=1 4x"},"classes":[]}],"_links":{"self":[{"href":"https:\/\/odyssart.org\/en\/wp-json\/wp\/v2\/posts\/68","targetHints":{"allow":["GET"]}}],"collection":[{"href":"https:\/\/odyssart.org\/en\/wp-json\/wp\/v2\/posts"}],"about":[{"href":"https:\/\/odyssart.org\/en\/wp-json\/wp\/v2\/types\/post"}],"author":[{"embeddable":true,"href":"https:\/\/odyssart.org\/en\/wp-json\/wp\/v2\/users\/1"}],"replies":[{"embeddable":true,"href":"https:\/\/odyssart.org\/en\/wp-json\/wp\/v2\/comments?post=68"}],"version-history":[{"count":2,"href":"https:\/\/odyssart.org\/en\/wp-json\/wp\/v2\/posts\/68\/revisions"}],"predecessor-version":[{"id":306,"href":"https:\/\/odyssart.org\/en\/wp-json\/wp\/v2\/posts\/68\/revisions\/306"}],"wp:featuredmedia":[{"embeddable":true,"href":"https:\/\/odyssart.org\/en\/wp-json\/wp\/v2\/media\/71"}],"wp:attachment":[{"href":"https:\/\/odyssart.org\/en\/wp-json\/wp\/v2\/media?parent=68"}],"wp:term":[{"taxonomy":"category","embeddable":true,"href":"https:\/\/odyssart.org\/en\/wp-json\/wp\/v2\/categories?post=68"},{"taxonomy":"post_tag","embeddable":true,"href":"https:\/\/odyssart.org\/en\/wp-json\/wp\/v2\/tags?post=68"}],"curies":[{"name":"wp","href":"https:\/\/api.w.org\/{rel}","templated":true}]}}