{"id":710,"date":"2025-10-02T16:32:21","date_gmt":"2025-10-02T14:32:21","guid":{"rendered":"https:\/\/odyssart.org\/?p=710"},"modified":"2025-10-02T17:44:41","modified_gmt":"2025-10-02T15:44:41","slug":"le-webinaire-dinformation-odyssart-2026-est-disponible-en-rediffusion","status":"publish","type":"post","link":"https:\/\/odyssart.org\/en\/le-webinaire-dinformation-odyssart-2026-est-disponible-en-rediffusion\/","title":{"rendered":"Le webinaire d&rsquo;information Odyssart 2026 est disponible en rediffusion"},"content":{"rendered":"<p><strong>\u00c0 l&rsquo;occasion du lancement de l&rsquo;appel \u00e0 projets culturels Odyssart 2026, l&rsquo;Office franco-qu\u00e9b\u00e9cois pour la jeunesse a organis\u00e9 un webinaire d&rsquo;information \u00e0 destination des artistes et des structures culturelles de France et du Canada\/Qu\u00e9bec, le mardi 30 septembre 2025<\/strong>. Durant une heure, C\u00e9line Lespagnol, charg\u00e9e de projets culturels de l&rsquo;OFQJ, a pr\u00e9sent\u00e9 les d\u00e9tails de l&rsquo;appel \u00e0 candidatures : le r\u00e8glement, le formulaire d&rsquo;inscription, le budget&#8230; Une centaine d&rsquo;acteurs culturels \u00e9taient pr\u00e9sents. <\/p>\n\n\n\n<p>Louis Astoux, de l&rsquo;association Nomades des terres, a t\u00e9moign\u00e9 de son le projet \u00ab\u00a0Voix Nomades\u00a0\u00bb, laur\u00e9at de l&rsquo;appel \u00e0 projets 2025.<\/p>\n\n\n\n<p>Pour rappel, l&rsquo;appel \u00e0 projets Odyssart 2026 est ouvert jusqu&rsquo;au 4 novembre et soutiendra des projets de mobilit\u00e9s France &lt;> Canada\/Qu\u00e9bec, port\u00e9s par de jeunes artistes entre 18 et 35 ans.<\/p>\n\n\n\n<figure class=\"wp-block-embed is-type-video is-provider-youtube wp-block-embed-youtube wp-embed-aspect-16-9 wp-has-aspect-ratio\"><div class=\"wp-block-embed__wrapper\">\n<iframe loading=\"lazy\" title=\"Webinaire d&#039;information odyssart 2026\" width=\"500\" height=\"281\" src=\"https:\/\/www.youtube.com\/embed\/Z-3Mvxh0qBI?feature=oembed\" frameborder=\"0\" allow=\"accelerometer; autoplay; clipboard-write; encrypted-media; gyroscope; picture-in-picture; web-share\" referrerpolicy=\"strict-origin-when-cross-origin\" allowfullscreen><\/iframe>\n<\/div><\/figure>\n\n\n\n<h2 class=\"wp-block-heading\">Learn more<\/h2>\n\n\n\n<div class=\"wp-block-buttons is-content-justification-center is-layout-flex wp-container-core-buttons-is-layout-a89b3969 wp-block-buttons-is-layout-flex\">\n<div class=\"wp-block-button\"><a class=\"wp-block-button__link wp-element-button\" href=\"https:\/\/odyssart.org\/en\/reglement-odyssart-2026\/\">Le r\u00e8glement 2026<\/a><\/div>\n\n\n\n<div class=\"wp-block-button\"><a class=\"wp-block-button__link wp-element-button\" href=\"https:\/\/odyssart.org\/en\/faq\/\">Frequently Asked Questions<\/a><\/div>\n\n\n\n<div class=\"wp-block-button\"><a class=\"wp-block-button__link wp-element-button\" href=\"https:\/\/odyssart.org\/en\/soumettre-un-projet\/\">Submit a project<\/a><\/div>\n<\/div>","protected":false},"excerpt":{"rendered":"<p>Le webinaire d&rsquo;information Odyssart est disponible en rediffusion.<\/p>","protected":false},"author":1,"featured_media":646,"comment_status":"closed","ping_status":"","sticky":false,"template":"","format":"standard","meta":{"_eb_attr":"","_uag_custom_page_level_css":"","advanced_seo_description":"","jetpack_seo_html_title":"","jetpack_seo_noindex":false,"_EventAllDay":false,"_EventTimezone":"","_EventStartDate":"","_EventEndDate":"","_EventStartDateUTC":"","_EventEndDateUTC":"","_EventShowMap":false,"_EventShowMapLink":false,"_EventURL":"","_EventCost":"","_EventCostDescription":"","_EventCurrencySymbol":"","_EventCurrencyCode":"","_EventCurrencyPosition":"","_EventDateTimeSeparator":"","_EventTimeRangeSeparator":"","_EventOrganizerID":[],"_EventVenueID":[],"_OrganizerEmail":"","_OrganizerPhone":"","_OrganizerWebsite":"","_VenueAddress":"","_VenueCity":"","_VenueCountry":"","_VenueProvince":"","_VenueState":"","_VenueZip":"","_VenuePhone":"","_VenueURL":"","_VenueStateProvince":"","_VenueLat":"","_VenueLng":"","_VenueShowMap":false,"_VenueShowMapLink":false,"_jetpack_memberships_contains_paid_content":false,"footnotes":""},"categories":[54],"tags":[69,70],"class_list":["post-710","post","type-post","status-publish","format-standard","has-post-thumbnail","hentry","category-ofqj","tag-odyssart-2026","tag-webinaire"],"jetpack_featured_media_url":"https:\/\/odyssart.org\/wp-content\/uploads\/2025\/09\/Webinaire-Odyssart-2026.jpg","uagb_featured_image_src":{"full":["https:\/\/odyssart.org\/wp-content\/uploads\/2025\/09\/Webinaire-Odyssart-2026.jpg",1600,900,false],"thumbnail":["https:\/\/odyssart.org\/wp-content\/uploads\/2025\/09\/Webinaire-Odyssart-2026-150x150.jpg",150,150,true],"medium":["https:\/\/odyssart.org\/wp-content\/uploads\/2025\/09\/Webinaire-Odyssart-2026-300x169.jpg",300,169,true],"medium_large":["https:\/\/odyssart.org\/wp-content\/uploads\/2025\/09\/Webinaire-Odyssart-2026-768x432.jpg",768,432,true],"large":["https:\/\/odyssart.org\/wp-content\/uploads\/2025\/09\/Webinaire-Odyssart-2026-1024x576.jpg",1024,576,true],"1536x1536":["https:\/\/odyssart.org\/wp-content\/uploads\/2025\/09\/Webinaire-Odyssart-2026-1536x864.jpg",1536,864,true],"2048x2048":["https:\/\/odyssart.org\/wp-content\/uploads\/2025\/09\/Webinaire-Odyssart-2026.jpg",1600,900,false],"trp-custom-language-flag":["https:\/\/odyssart.org\/wp-content\/uploads\/2025\/09\/Webinaire-Odyssart-2026-18x10.jpg",18,10,true]},"uagb_author_info":{"display_name":"admin3046","author_link":"https:\/\/odyssart.org\/en\/author\/admin3046\/"},"uagb_comment_info":0,"uagb_excerpt":"Le webinaire d'information Odyssart est disponible en rediffusion.","jetpack_sharing_enabled":true,"jetpack-related-posts":[{"id":678,"url":"https:\/\/odyssart.org\/en\/lancement-de-lappel-a-projets-culturels-odyssart-2026\/","url_meta":{"origin":710,"position":0},"title":"Lancement de l\u2019appel \u00e0 projets culturels Odyssart 2026","author":"Claire Favillier","date":"22\/09\/2025","format":false,"excerpt":"Depuis 2022, l\u2019appel \u00e0 projets Odyssart, initi\u00e9 par l\u2019Office franco-qu\u00e9b\u00e9cois pour la jeunesse (OFQJ) fait \u00e9merger des initiatives culturelles ambitieuses entre la France et le Canada \/ Qu\u00e9bec. Pour cette nouvelle \u00e9dition, le programme continue d\u2019encourager les jeunes artistes de 18 \u00e0 35 ans \u00e0 franchir les fronti\u00e8res et \u00e0\u2026","rel":"","context":"In &quot;OFQJ&quot;","block_context":{"text":"OFQJ","link":"https:\/\/odyssart.org\/en\/category\/ofqj\/"},"img":{"alt_text":"Logo Odyssart 2026","src":"https:\/\/i0.wp.com\/odyssart.org\/wp-content\/uploads\/2025\/09\/Logo-Odyssart-2026.ai_.png?resize=350%2C200&ssl=1","width":350,"height":200,"srcset":"https:\/\/i0.wp.com\/odyssart.org\/wp-content\/uploads\/2025\/09\/Logo-Odyssart-2026.ai_.png?resize=350%2C200&ssl=1 1x, https:\/\/i0.wp.com\/odyssart.org\/wp-content\/uploads\/2025\/09\/Logo-Odyssart-2026.ai_.png?resize=525%2C300&ssl=1 1.5x, https:\/\/i0.wp.com\/odyssart.org\/wp-content\/uploads\/2025\/09\/Logo-Odyssart-2026.ai_.png?resize=700%2C400&ssl=1 2x, https:\/\/i0.wp.com\/odyssart.org\/wp-content\/uploads\/2025\/09\/Logo-Odyssart-2026.ai_.png?resize=1050%2C600&ssl=1 3x, https:\/\/i0.wp.com\/odyssart.org\/wp-content\/uploads\/2025\/09\/Logo-Odyssart-2026.ai_.png?resize=1400%2C800&ssl=1 4x"},"classes":[]},{"id":769,"url":"https:\/\/odyssart.org\/en\/decouvrez-les-12-laureats-odyssart-2026\/","url_meta":{"origin":710,"position":1},"title":"D\u00e9couvrez les 12 laur\u00e9ats Odyssart 2026","author":"admin3046","date":"16\/12\/2025","format":false,"excerpt":"D\u00e9couvrez les 12 laur\u00e9ats Odyssart 2026","rel":"","context":"In &quot;OFQJ&quot;","block_context":{"text":"OFQJ","link":"https:\/\/odyssart.org\/en\/category\/ofqj\/"},"img":{"alt_text":"Logo Odyssart 2026","src":"https:\/\/i0.wp.com\/odyssart.org\/wp-content\/uploads\/2025\/12\/Logo-Odyssart-2026.png?resize=350%2C200&ssl=1","width":350,"height":200,"srcset":"https:\/\/i0.wp.com\/odyssart.org\/wp-content\/uploads\/2025\/12\/Logo-Odyssart-2026.png?resize=350%2C200&ssl=1 1x, https:\/\/i0.wp.com\/odyssart.org\/wp-content\/uploads\/2025\/12\/Logo-Odyssart-2026.png?resize=525%2C300&ssl=1 1.5x, https:\/\/i0.wp.com\/odyssart.org\/wp-content\/uploads\/2025\/12\/Logo-Odyssart-2026.png?resize=700%2C400&ssl=1 2x"},"classes":[]},{"id":613,"url":"https:\/\/odyssart.org\/en\/les-laureats-odyssart-reunis-a-paris-pour-une-rencontre-inedite\/","url_meta":{"origin":710,"position":2},"title":"Les laur\u00e9ats Odyssart r\u00e9unis \u00e0 Paris pour une rencontre in\u00e9dite","author":"admin3046","date":"24\/04\/2024","format":false,"excerpt":"Mercredi 24 avril 2024 se tenait une rencontre entre les laur\u00e9ats de l\u2019appel \u00e0 projets Odyssart 2023 et 2024 au Bar \u00e0 Bulles \u00e0 Paris.","rel":"","context":"In &quot;OFQJ&quot;","block_context":{"text":"OFQJ","link":"https:\/\/odyssart.org\/en\/category\/ofqj\/"},"img":{"alt_text":"Rencontre Odyssart 2024","src":"https:\/\/i0.wp.com\/odyssart.org\/wp-content\/uploads\/2025\/09\/2024-04-24-OFQJ-Odyssart-034.jpg?resize=350%2C200&ssl=1","width":350,"height":200,"srcset":"https:\/\/i0.wp.com\/odyssart.org\/wp-content\/uploads\/2025\/09\/2024-04-24-OFQJ-Odyssart-034.jpg?resize=350%2C200&ssl=1 1x, https:\/\/i0.wp.com\/odyssart.org\/wp-content\/uploads\/2025\/09\/2024-04-24-OFQJ-Odyssart-034.jpg?resize=525%2C300&ssl=1 1.5x, https:\/\/i0.wp.com\/odyssart.org\/wp-content\/uploads\/2025\/09\/2024-04-24-OFQJ-Odyssart-034.jpg?resize=700%2C400&ssl=1 2x, https:\/\/i0.wp.com\/odyssart.org\/wp-content\/uploads\/2025\/09\/2024-04-24-OFQJ-Odyssart-034.jpg?resize=1050%2C600&ssl=1 3x, https:\/\/i0.wp.com\/odyssart.org\/wp-content\/uploads\/2025\/09\/2024-04-24-OFQJ-Odyssart-034.jpg?resize=1400%2C800&ssl=1 4x"},"classes":[]},{"id":68,"url":"https:\/\/odyssart.org\/en\/odyssart-2024-radio-campus-orleans-sassocie-avec-la-radio-quebecoise-cfak\/","url_meta":{"origin":710,"position":3},"title":"Odyssart 2024 : Radio Campus Orl\u00e9ans s\u2019associe avec la radio qu\u00e9b\u00e9coise CFAK","author":"admin3046","date":"31\/12\/2024","format":false,"excerpt":"Article publi\u00e9 le 2 mai 2024 Laur\u00e9ate de l\u2019appel \u00e0 projets Odyssart, la Radio Campus Orl\u00e9ans d\u00e9voile aujourd\u2019hui son projet de mobilit\u00e9 France \u2013 Canada, et son association avec la radio \u00e9tudiante qu\u00e9b\u00e9coise CFAK de Sherbrooke, qui partage la m\u00eame fr\u00e9quence qu\u2019elle : le 88.3 FM ! Source : Radio\u2026","rel":"","context":"In &quot;Laur\u00e9ats 2024&quot;","block_context":{"text":"Laur\u00e9ats 2024","link":"https:\/\/odyssart.org\/en\/category\/laureats-2024\/"},"img":{"alt_text":"Radio Campus Orl\u00e9ans","src":"https:\/\/i0.wp.com\/odyssart.org\/wp-content\/uploads\/2025\/08\/Radio-campus-orleans-2023.jpg?resize=350%2C200&ssl=1","width":350,"height":200,"srcset":"https:\/\/i0.wp.com\/odyssart.org\/wp-content\/uploads\/2025\/08\/Radio-campus-orleans-2023.jpg?resize=350%2C200&ssl=1 1x, https:\/\/i0.wp.com\/odyssart.org\/wp-content\/uploads\/2025\/08\/Radio-campus-orleans-2023.jpg?resize=525%2C300&ssl=1 1.5x, https:\/\/i0.wp.com\/odyssart.org\/wp-content\/uploads\/2025\/08\/Radio-campus-orleans-2023.jpg?resize=700%2C400&ssl=1 2x"},"classes":[]},{"id":621,"url":"https:\/\/odyssart.org\/en\/odyssart-2023-a-la-rencontre-des-meduses-un-projet-musical-choregraphique-et-technologique\/","url_meta":{"origin":710,"position":4},"title":"Odyssart 2023 : \u00c0 la rencontre des M\u00c9DUSES, un projet musical, chor\u00e9graphique et technologique","author":"admin3046","date":"08\/09\/2025","format":false,"excerpt":"\u00c0 la rencontre des M\u00c9DUSES, un projet pr\u00e9sent\u00e9 par la Compagnie Sospeso et l\u2019association Infini d\u2019Arts, est laur\u00e9at de l\u2019appel \u00e0 projets Odyssart 2023. Sandrine Martel-Laferri\u00e8re, gigueuse qu\u00e9b\u00e9coise et Marion Parrinello, danseuse et musicienne fran\u00e7aise, ont cocr\u00e9\u00e9 une chor\u00e9graphie de danse rythmique et percussive, inspir\u00e9e de la gigue et des\u2026","rel":"","context":"In &quot;Laur\u00e9ats 2023&quot;","block_context":{"text":"Laur\u00e9ats 2023","link":"https:\/\/odyssart.org\/en\/category\/laureats-2023\/"},"img":{"alt_text":"A la rencontre des m\u00e9duses","src":"https:\/\/i0.wp.com\/odyssart.org\/wp-content\/uploads\/2025\/08\/sospeso-2023-scaled.jpg?resize=350%2C200&ssl=1","width":350,"height":200,"srcset":"https:\/\/i0.wp.com\/odyssart.org\/wp-content\/uploads\/2025\/08\/sospeso-2023-scaled.jpg?resize=350%2C200&ssl=1 1x, https:\/\/i0.wp.com\/odyssart.org\/wp-content\/uploads\/2025\/08\/sospeso-2023-scaled.jpg?resize=525%2C300&ssl=1 1.5x, https:\/\/i0.wp.com\/odyssart.org\/wp-content\/uploads\/2025\/08\/sospeso-2023-scaled.jpg?resize=700%2C400&ssl=1 2x, https:\/\/i0.wp.com\/odyssart.org\/wp-content\/uploads\/2025\/08\/sospeso-2023-scaled.jpg?resize=1050%2C600&ssl=1 3x, https:\/\/i0.wp.com\/odyssart.org\/wp-content\/uploads\/2025\/08\/sospeso-2023-scaled.jpg?resize=1400%2C800&ssl=1 4x"},"classes":[]},{"id":108,"url":"https:\/\/odyssart.org\/en\/odyssart-2024-les-rencontres-choregraphiques-hip-hop-un-pont-culturel-entre-la-france-et-le-canada\/","url_meta":{"origin":710,"position":5},"title":"Odyssart 2024 : Les rencontres chor\u00e9graphiques Hip Hop, un pont culturel entre la France et le Canada\u00a0","author":"admin3046","date":"31\/12\/2024","format":false,"excerpt":"Forward Movements, compagnie d\u00e9di\u00e9e \u00e0 la cr\u00e9ation artistique en Hip Hop \u00e0 Montr\u00e9al, s'associe \u00e0 Art-Track pour lancer les Rencontres chor\u00e9graphiques Hip Hop. Ce programme d'\u00e9changes entre jeunes artistes de France et du Canada vise \u00e0 favoriser la cr\u00e9ation chor\u00e9graphique tout en renfor\u00e7ant les liens culturels entre les deux territoires.\u2026","rel":"","context":"In &quot;Laur\u00e9ats 2024&quot;","block_context":{"text":"Laur\u00e9ats 2024","link":"https:\/\/odyssart.org\/en\/category\/laureats-2024\/"},"img":{"alt_text":"Cie Forward Movements","src":"https:\/\/i0.wp.com\/odyssart.org\/wp-content\/uploads\/2025\/08\/Forward-movements-hiphop-games-2024.jpg?resize=350%2C200&ssl=1","width":350,"height":200,"srcset":"https:\/\/i0.wp.com\/odyssart.org\/wp-content\/uploads\/2025\/08\/Forward-movements-hiphop-games-2024.jpg?resize=350%2C200&ssl=1 1x, https:\/\/i0.wp.com\/odyssart.org\/wp-content\/uploads\/2025\/08\/Forward-movements-hiphop-games-2024.jpg?resize=525%2C300&ssl=1 1.5x, https:\/\/i0.wp.com\/odyssart.org\/wp-content\/uploads\/2025\/08\/Forward-movements-hiphop-games-2024.jpg?resize=700%2C400&ssl=1 2x, https:\/\/i0.wp.com\/odyssart.org\/wp-content\/uploads\/2025\/08\/Forward-movements-hiphop-games-2024.jpg?resize=1050%2C600&ssl=1 3x, https:\/\/i0.wp.com\/odyssart.org\/wp-content\/uploads\/2025\/08\/Forward-movements-hiphop-games-2024.jpg?resize=1400%2C800&ssl=1 4x"},"classes":[]}],"_links":{"self":[{"href":"https:\/\/odyssart.org\/en\/wp-json\/wp\/v2\/posts\/710","targetHints":{"allow":["GET"]}}],"collection":[{"href":"https:\/\/odyssart.org\/en\/wp-json\/wp\/v2\/posts"}],"about":[{"href":"https:\/\/odyssart.org\/en\/wp-json\/wp\/v2\/types\/post"}],"author":[{"embeddable":true,"href":"https:\/\/odyssart.org\/en\/wp-json\/wp\/v2\/users\/1"}],"replies":[{"embeddable":true,"href":"https:\/\/odyssart.org\/en\/wp-json\/wp\/v2\/comments?post=710"}],"version-history":[{"count":3,"href":"https:\/\/odyssart.org\/en\/wp-json\/wp\/v2\/posts\/710\/revisions"}],"predecessor-version":[{"id":718,"href":"https:\/\/odyssart.org\/en\/wp-json\/wp\/v2\/posts\/710\/revisions\/718"}],"wp:featuredmedia":[{"embeddable":true,"href":"https:\/\/odyssart.org\/en\/wp-json\/wp\/v2\/media\/646"}],"wp:attachment":[{"href":"https:\/\/odyssart.org\/en\/wp-json\/wp\/v2\/media?parent=710"}],"wp:term":[{"taxonomy":"category","embeddable":true,"href":"https:\/\/odyssart.org\/en\/wp-json\/wp\/v2\/categories?post=710"},{"taxonomy":"post_tag","embeddable":true,"href":"https:\/\/odyssart.org\/en\/wp-json\/wp\/v2\/tags?post=710"}],"curies":[{"name":"wp","href":"https:\/\/api.w.org\/{rel}","templated":true}]}}